{"id":1113,"date":"2023-11-14T21:07:42","date_gmt":"2023-11-14T21:07:42","guid":{"rendered":"https:\/\/makingmusic4ever.com\/?p=1113"},"modified":"2023-11-17T23:26:45","modified_gmt":"2023-11-17T23:26:45","slug":"wave-by-tom-jobim-arranged-for-mandolin-guitar-violin-and-cello","status":"publish","type":"post","link":"https:\/\/makingmusic4ever.com\/index.php\/2023\/11\/14\/wave-by-tom-jobim-arranged-for-mandolin-guitar-violin-and-cello\/","title":{"rendered":"Wave by Tom Jobim- Arranged for Mandolin, Guitar, Violin and Cello."},"content":{"rendered":"\n<p class=\"has-drop-cap wp-block-paragraph\">\u201cWave\u201d is a bossa nova and jazz standard song written by Ant\u00f4nio Carlos Jobim and  recorded  on his 1967 album of the same name. The original version was instrumental, but later on Tom added the lyrics in Portuguese also the song gained an English version for the lyrics. <\/p>\n\n\n\n<p class=\"wp-block-paragraph\">Ant\u00f4nio Carlos Jobim was a Brazilian composer, also known as Tom Jobim, who was also pianist, songwriter, arranger, and singer. <\/p>\n\n\n\n<p class=\"wp-block-paragraph\">Tom was one of the creators of the bossa nova style of Brazilian music. Born in Rio de Janeiro in 1927 and passing away in 1994, Jobim was a prolific composer who wrote many songs that have become standards in the jazz and pop repertoire.\u201d<\/p>\n\n\n\n<p class=\"wp-block-paragraph\">The song\u2019s popularity can be attributed to its catchy melody and the way it captures the essence of Brazilian music and has been covered by many artists, including Frank Sinatra, Johnny Mathis, and Elis Regina with Toots Thielemans. This song has been recorded nearly 500 times by jazz artists.<\/p>\n\n\n\n<p class=\"wp-block-paragraph\">Now, let\u2019s talk about two instrumental arrangements written for this song. The first one is for mandolin solo with guitar accompaniment.  <\/p>\n\n\n\n<figure class=\"wp-block-embed is-type-video is-provider-youtube wp-block-embed-youtube wp-embed-aspect-16-9 wp-has-aspect-ratio\"><div class=\"wp-block-embed__wrapper\">\n<span class=\"embed-youtube\" style=\"text-align:center; display: block;\"><iframe loading=\"lazy\" class=\"youtube-player\" width=\"660\" height=\"372\" src=\"https:\/\/www.youtube.com\/embed\/bFctk-_ml68?version=3&#038;rel=1&#038;showsearch=0&#038;showinfo=1&#038;iv_load_policy=1&#038;fs=1&#038;hl=en-US&#038;autohide=2&#038;wmode=transparent\" allowfullscreen=\"true\" style=\"border:0;\" sandbox=\"allow-scripts allow-same-origin allow-popups allow-presentation allow-popups-to-escape-sandbox\"><\/iframe><\/span>\n<\/div><\/figure>\n\n\n\n<div class=\"wp-block-buttons is-content-justification-center is-layout-flex wp-container-core-buttons-is-layout-fe48e5de wp-block-buttons-is-layout-flex\">\n<div class=\"wp-block-button\"><a class=\"wp-block-button__link wp-element-button\" href=\"https:\/\/www.sheetmusicdirect.com\/en-US\/se\/ID_No\/1416872\/Product.aspx?affiliate=65400\" target=\"_blank\" rel=\"noreferrer noopener\">buy the sheet music with score and tabs<\/a><\/div>\n<\/div>\n\n\n\n<p class=\"wp-block-paragraph\"><\/p>\n\n\n\n<p class=\"wp-block-paragraph\">The second arrangement is for violin solo with guitar accompaniment and Cello playing the bass line. You can find the sheet music for this arrangement on Musescore.<\/p>\n\n\n\n<figure class=\"wp-block-embed is-type-video is-provider-youtube wp-block-embed-youtube wp-embed-aspect-16-9 wp-has-aspect-ratio\"><div class=\"wp-block-embed__wrapper\">\n<span class=\"embed-youtube\" style=\"text-align:center; display: block;\"><iframe loading=\"lazy\" class=\"youtube-player\" width=\"660\" height=\"372\" src=\"https:\/\/www.youtube.com\/embed\/_9s-TNN-wbw?version=3&#038;rel=1&#038;showsearch=0&#038;showinfo=1&#038;iv_load_policy=1&#038;fs=1&#038;hl=en-US&#038;autohide=2&#038;wmode=transparent\" allowfullscreen=\"true\" style=\"border:0;\" sandbox=\"allow-scripts allow-same-origin allow-popups allow-presentation allow-popups-to-escape-sandbox\"><\/iframe><\/span>\n<\/div><\/figure>\n\n\n\n<div class=\"wp-block-buttons is-content-justification-center is-layout-flex wp-container-core-buttons-is-layout-fe48e5de wp-block-buttons-is-layout-flex\">\n<div class=\"wp-block-button\"><a class=\"wp-block-button__link wp-element-button\" href=\"https:\/\/www.sheetmusicdirect.com\/en-US\/se\/ID_No\/1416874\/Product.aspx?affiliate=65400\" target=\"_blank\" rel=\"noreferrer noopener\">Buy the sheet music for this song<\/a><\/div>\n<\/div>\n\n\n\n<p class=\"wp-block-paragraph\">The mandolin arrangement is a great example of how the song can be played with a light and airy feel. The guitar accompaniment provides a nice rhythmic foundation, while the mandolin solo adds a touch of virtuosity to the performance. The mandolin  has a bright and cheerful sound that is perfect for playing bossa nova music.<\/p>\n\n\n\n<p class=\"wp-block-paragraph\">The violin arrangement, on the other hand, is a more somber and introspective take on the song. The violin solo is hauntingly beautiful, and the cello provides a rich and warm bass line that complements the guitar accompaniment perfectly. The violin is a versatile instrument that is used in many different styles of music, from classical to  rock, jazz or bossa nova.<\/p>\n\n\n\n<p class=\"wp-block-paragraph\">Ant\u00f4nio Carlos Jobim was a master of melody and harmony, and \u201cWave\u201d is a perfect example of his genius. The song\u2019s melody is simple and catchy, yet it has a sophisticated harmonic structure that is typical of Jobim\u2019s music. The song\u2019s chord progression is a classic example of the bossa nova style, with its use of extended chords and chromatic harmony.<\/p>\n\n\n\n<p class=\"wp-block-paragraph\"> \u201cWave\u201d is a timeless classic that has been enjoyed by music lovers all over the world. Its popularity is a testament to the genius of Ant\u00f4nio Carlos Jobim and the beauty of Brazilian music. I hope you enjoy listening to the two instrumental arrangements of the song that I have recommended. If you are interested in learning more about Jobim and his music, I recommend checking out some of his other songs, such as \u201c<a href=\"https:\/\/makingmusic4ever.com\/index.php\/2023\/02\/24\/the-girl-from-ipanema-for-piano-solo\/\">The Girl from Ipanema<\/a>\u201d.<\/p>\n\n\n\n<h3 class=\"wp-block-heading\">Lyrics in English<\/h3>\n\n\n\n<p class=\"wp-block-paragraph\">So close your eyes, for that&#8217;s a lovely way to be<br>Aware of things your heart alone was meant to see<br>The fundamental loneliness goes whenever two can dream a dream together<\/p>\n\n\n\n<p class=\"wp-block-paragraph\">You can&#8217;t deny, don&#8217;t try to fight the rising sea<br>Don&#8217;t fight the moon, the stars above, don&#8217;t fight me<br>The fundamental loneliness goes whenever two can dream a dream together<\/p>\n\n\n\n<p class=\"wp-block-paragraph\">When I saw you first, the time was half past three<br>When your eyes met mine, it was eternity<br>By now we know the wave is on it&#8217;s way to be<br>Just catch the wave, don&#8217;t be afraid of loving me<br>The fundamental loneliness goes whenever two can dream a dream together<\/p>\n\n\n\n<p class=\"wp-block-paragraph\">When I saw you first the time was half past three<br>When your eyes met mine it was eternity<br>By now we know the wave is on it way to be<br>Just catch that wave don&#8217;t be afraid of loving me<br>The fundamental loneliness goes whenever two can dream a dream together<\/p>\n\n\n\n<p class=\"wp-block-paragraph\">Together<\/p>\n\n\n\n<p class=\"wp-block-paragraph\">Together<\/p>\n\n\n\n<h3 class=\"wp-block-heading\">Lyrics in Portuguese<\/h3>\n\n\n\n<p class=\"wp-block-paragraph\">Vou te contar<br>Que os olhos j\u00e1 nem podem ver<br>Coisas que s\u00f3 o cora\u00e7\u00e3o pode entender<br>Fundamental \u00e9 mesmo o amor<br>\u00c9 imposs\u00edvel ser feliz sozinho<\/p>\n\n\n\n<p class=\"wp-block-paragraph\">O resto \u00e9 mar<br>\u00c9 tudo que n\u00e3o sei contar<br>S\u00e3o coisas lindas que eu tenho pra te dar<br>Fundamental \u00e9 mesmo o amor<br>\u00c9 imposs\u00edvel ser feliz sozinho<\/p>\n\n\n\n<p class=\"wp-block-paragraph\">Da primeira vez, era a cidade<br>Da segunda, o cais, a eternidade<\/p>\n\n\n\n<p class=\"wp-block-paragraph\">Agora eu j\u00e1 sei<br>Da onda que se ergueu no mar<br>E das estrelas que esquecemos de contar<br>O amor se deixa surpreender<br>Enquanto a noite vem nos envolver<\/p>\n\n\n\n<p class=\"wp-block-paragraph\">Da primeira vez, era a cidade<br>Da segunda, o cais, a eternidade<\/p>\n\n\n\n<p class=\"wp-block-paragraph\">Agora eu j\u00e1 sei<br>Da onda que se ergueu no mar<br>E das estrelas que esquecemos de contar<br>O amor se deixa surpreender<br>Enquanto a noite vem nos envolver<\/p>\n","protected":false},"excerpt":{"rendered":"<p>\u201cWave\u201d is a bossa nova and jazz standard song written by Ant\u00f4nio Carlos Jobim and recorded on his 1967 album of the same name. The original version was instrumental, but later on Tom added the lyrics in Portuguese also the song gained an English version for the lyrics. Ant\u00f4nio Carlos Jobim was a Brazilian composer, &hellip; <a href=\"https:\/\/makingmusic4ever.com\/index.php\/2023\/11\/14\/wave-by-tom-jobim-arranged-for-mandolin-guitar-violin-and-cello\/\" class=\"more-link\">Continue reading <span class=\"screen-reader-text\">Wave by Tom Jobim- Arranged for Mandolin, Guitar, Violin and Cello.<\/span><\/a><\/p>\n","protected":false},"author":1,"featured_media":1125,"comment_status":"open","ping_status":"open","sticky":false,"template":"","format":"standard","meta":{"_jetpack_newsletter_access":"","_jetpack_dont_email_post_to_subs":false,"_jetpack_newsletter_tier_id":0,"_jetpack_memberships_contains_paywalled_content":false,"_jetpack_feature_clip_id":0,"_jetpack_memberships_contains_paid_content":false,"footnotes":"","jetpack_publicize_message":"","jetpack_publicize_feature_enabled":true,"jetpack_social_post_already_shared":true,"jetpack_social_options":{"image_generator_settings":{"template":"highway","default_image_id":0,"font":"","enabled":false},"version":2},"jetpack_post_was_ever_published":false},"categories":[80,26,119,7,443,4,571],"tags":[411,138,422,330,134,27,130,505,228,765,39,269,46,766,444,30,41,167,318,573,58,115,415,572,764],"class_list":["post-1113","post","type-post","status-publish","format-standard","has-post-thumbnail","hentry","category-arrangement","category-chords","category-guitar-arrangement","category-instrument","category-mandolim","category-music","category-violin","tag-antonio-carlos-jobim","tag-arrangement","tag-bossa-nova","tag-brazil","tag-cello","tag-chord","tag-classical-guitar","tag-elis-regina","tag-fingerstyle","tag-frank-sinatra","tag-guitar","tag-guitar-tab","tag-jazz","tag-johnny-mathis","tag-mandolim","tag-music","tag-music-sheet","tag-score","tag-sheet-music","tag-strings","tag-tab","tag-tablature","tag-tom-jobim","tag-violin","tag-violin-acore"],"yoast_head":"<!-- This site is optimized with the Yoast SEO plugin v28.4 - https:\/\/yoast.com\/product\/yoast-seo-wordpress\/ -->\n<title>Wave by Tom Jobim- Arranged for Mandolin, Guitar, Violin and Cello. - Making Music 4 Ever<\/title>\n<meta name=\"robots\" content=\"index, follow, max-snippet:-1, max-image-preview:large, max-video-preview:-1\" \/>\n<link rel=\"canonical\" href=\"https:\/\/makingmusic4ever.com\/index.php\/2023\/11\/14\/wave-by-tom-jobim-arranged-for-mandolin-guitar-violin-and-cello\/\" \/>\n<meta property=\"og:locale\" content=\"en_US\" \/>\n<meta property=\"og:type\" content=\"article\" \/>\n<meta property=\"og:title\" content=\"Wave by Tom Jobim- Arranged for Mandolin, Guitar, Violin and Cello. - Making Music 4 Ever\" \/>\n<meta property=\"og:description\" content=\"\u201cWave\u201d is a bossa nova and jazz standard song written by Ant\u00f4nio Carlos Jobim and recorded on his 1967 album of the same name. The original version was instrumental, but later on Tom added the lyrics in Portuguese also the song gained an English version for the lyrics. Ant\u00f4nio Carlos Jobim was a Brazilian composer, &hellip; Continue reading Wave by Tom Jobim- Arranged for Mandolin, Guitar, Violin and Cello.\" \/>\n<meta property=\"og:url\" content=\"https:\/\/makingmusic4ever.com\/index.php\/2023\/11\/14\/wave-by-tom-jobim-arranged-for-mandolin-guitar-violin-and-cello\/\" \/>\n<meta property=\"og:site_name\" content=\"Making Music 4 Ever\" \/>\n<meta property=\"article:published_time\" content=\"2023-11-14T21:07:42+00:00\" \/>\n<meta property=\"article:modified_time\" content=\"2023-11-17T23:26:45+00:00\" \/>\n<meta property=\"og:image\" content=\"https:\/\/makingmusic4ever.com\/wp-content\/uploads\/2023\/11\/Wave-ViolinGuitarCello-1.png\" \/>\n\t<meta property=\"og:image:width\" content=\"1280\" \/>\n\t<meta property=\"og:image:height\" content=\"720\" \/>\n\t<meta property=\"og:image:type\" content=\"image\/png\" \/>\n<meta name=\"author\" content=\"editor\" \/>\n<meta name=\"twitter:card\" content=\"summary_large_image\" \/>\n<meta name=\"twitter:label1\" content=\"Written by\" \/>\n\t<meta name=\"twitter:data1\" content=\"editor\" \/>\n\t<meta name=\"twitter:label2\" content=\"Est. reading time\" \/>\n\t<meta name=\"twitter:data2\" content=\"4 minutes\" \/>\n<script type=\"application\/ld+json\" class=\"yoast-schema-graph\">{\"@context\":\"https:\\\/\\\/schema.org\",\"@graph\":[{\"@type\":\"Article\",\"@id\":\"https:\\\/\\\/makingmusic4ever.com\\\/index.php\\\/2023\\\/11\\\/14\\\/wave-by-tom-jobim-arranged-for-mandolin-guitar-violin-and-cello\\\/#article\",\"isPartOf\":{\"@id\":\"https:\\\/\\\/makingmusic4ever.com\\\/index.php\\\/2023\\\/11\\\/14\\\/wave-by-tom-jobim-arranged-for-mandolin-guitar-violin-and-cello\\\/\"},\"author\":{\"name\":\"editor\",\"@id\":\"https:\\\/\\\/makingmusic4ever.com\\\/#\\\/schema\\\/person\\\/90746a5c76f42922c409876f713df7e8\"},\"headline\":\"Wave by Tom Jobim- Arranged for Mandolin, Guitar, Violin and Cello.\",\"datePublished\":\"2023-11-14T21:07:42+00:00\",\"dateModified\":\"2023-11-17T23:26:45+00:00\",\"mainEntityOfPage\":{\"@id\":\"https:\\\/\\\/makingmusic4ever.com\\\/index.php\\\/2023\\\/11\\\/14\\\/wave-by-tom-jobim-arranged-for-mandolin-guitar-violin-and-cello\\\/\"},\"wordCount\":807,\"commentCount\":0,\"publisher\":{\"@id\":\"https:\\\/\\\/makingmusic4ever.com\\\/#organization\"},\"image\":{\"@id\":\"https:\\\/\\\/makingmusic4ever.com\\\/index.php\\\/2023\\\/11\\\/14\\\/wave-by-tom-jobim-arranged-for-mandolin-guitar-violin-and-cello\\\/#primaryimage\"},\"thumbnailUrl\":\"https:\\\/\\\/i0.wp.com\\\/makingmusic4ever.com\\\/wp-content\\\/uploads\\\/2023\\\/11\\\/Wave-ViolinGuitarCello-1.png?fit=1280%2C720&ssl=1\",\"keywords\":[\"Antonio Carlos Jobim\",\"arrangement\",\"bossa nova\",\"Brazil\",\"cello\",\"chord\",\"classical guitar\",\"Elis Regina\",\"fingerstyle\",\"frank sinatra\",\"guitar\",\"guitar tab\",\"jazz\",\"johnny mathis\",\"mandolim\",\"music\",\"music sheet\",\"score\",\"sheet music\",\"strings\",\"tab\",\"tablature\",\"tom jobim\",\"violin\",\"violin acore\"],\"articleSection\":[\"arrangement\",\"chords\",\"Guitar arrangement\",\"instrument\",\"Mandolim\",\"music\",\"violin\"],\"inLanguage\":\"en-US\",\"potentialAction\":[{\"@type\":\"CommentAction\",\"name\":\"Comment\",\"target\":[\"https:\\\/\\\/makingmusic4ever.com\\\/index.php\\\/2023\\\/11\\\/14\\\/wave-by-tom-jobim-arranged-for-mandolin-guitar-violin-and-cello\\\/#respond\"]}]},{\"@type\":\"WebPage\",\"@id\":\"https:\\\/\\\/makingmusic4ever.com\\\/index.php\\\/2023\\\/11\\\/14\\\/wave-by-tom-jobim-arranged-for-mandolin-guitar-violin-and-cello\\\/\",\"url\":\"https:\\\/\\\/makingmusic4ever.com\\\/index.php\\\/2023\\\/11\\\/14\\\/wave-by-tom-jobim-arranged-for-mandolin-guitar-violin-and-cello\\\/\",\"name\":\"Wave by Tom Jobim- Arranged for Mandolin, Guitar, Violin and Cello. - Making Music 4 Ever\",\"isPartOf\":{\"@id\":\"https:\\\/\\\/makingmusic4ever.com\\\/#website\"},\"primaryImageOfPage\":{\"@id\":\"https:\\\/\\\/makingmusic4ever.com\\\/index.php\\\/2023\\\/11\\\/14\\\/wave-by-tom-jobim-arranged-for-mandolin-guitar-violin-and-cello\\\/#primaryimage\"},\"image\":{\"@id\":\"https:\\\/\\\/makingmusic4ever.com\\\/index.php\\\/2023\\\/11\\\/14\\\/wave-by-tom-jobim-arranged-for-mandolin-guitar-violin-and-cello\\\/#primaryimage\"},\"thumbnailUrl\":\"https:\\\/\\\/i0.wp.com\\\/makingmusic4ever.com\\\/wp-content\\\/uploads\\\/2023\\\/11\\\/Wave-ViolinGuitarCello-1.png?fit=1280%2C720&ssl=1\",\"datePublished\":\"2023-11-14T21:07:42+00:00\",\"dateModified\":\"2023-11-17T23:26:45+00:00\",\"breadcrumb\":{\"@id\":\"https:\\\/\\\/makingmusic4ever.com\\\/index.php\\\/2023\\\/11\\\/14\\\/wave-by-tom-jobim-arranged-for-mandolin-guitar-violin-and-cello\\\/#breadcrumb\"},\"inLanguage\":\"en-US\",\"potentialAction\":[{\"@type\":\"ReadAction\",\"target\":[\"https:\\\/\\\/makingmusic4ever.com\\\/index.php\\\/2023\\\/11\\\/14\\\/wave-by-tom-jobim-arranged-for-mandolin-guitar-violin-and-cello\\\/\"]}]},{\"@type\":\"ImageObject\",\"inLanguage\":\"en-US\",\"@id\":\"https:\\\/\\\/makingmusic4ever.com\\\/index.php\\\/2023\\\/11\\\/14\\\/wave-by-tom-jobim-arranged-for-mandolin-guitar-violin-and-cello\\\/#primaryimage\",\"url\":\"https:\\\/\\\/i0.wp.com\\\/makingmusic4ever.com\\\/wp-content\\\/uploads\\\/2023\\\/11\\\/Wave-ViolinGuitarCello-1.png?fit=1280%2C720&ssl=1\",\"contentUrl\":\"https:\\\/\\\/i0.wp.com\\\/makingmusic4ever.com\\\/wp-content\\\/uploads\\\/2023\\\/11\\\/Wave-ViolinGuitarCello-1.png?fit=1280%2C720&ssl=1\",\"width\":1280,\"height\":720,\"caption\":\"wave by Tom Jobim\"},{\"@type\":\"BreadcrumbList\",\"@id\":\"https:\\\/\\\/makingmusic4ever.com\\\/index.php\\\/2023\\\/11\\\/14\\\/wave-by-tom-jobim-arranged-for-mandolin-guitar-violin-and-cello\\\/#breadcrumb\",\"itemListElement\":[{\"@type\":\"ListItem\",\"position\":1,\"name\":\"Home\",\"item\":\"https:\\\/\\\/makingmusic4ever.com\\\/\"},{\"@type\":\"ListItem\",\"position\":2,\"name\":\"Wave by Tom Jobim- Arranged for Mandolin, Guitar, Violin and Cello.\"}]},{\"@type\":\"WebSite\",\"@id\":\"https:\\\/\\\/makingmusic4ever.com\\\/#website\",\"url\":\"https:\\\/\\\/makingmusic4ever.com\\\/\",\"name\":\"Making Music 4 Ever\",\"description\":\"Music for everyone\",\"publisher\":{\"@id\":\"https:\\\/\\\/makingmusic4ever.com\\\/#organization\"},\"potentialAction\":[{\"@type\":\"SearchAction\",\"target\":{\"@type\":\"EntryPoint\",\"urlTemplate\":\"https:\\\/\\\/makingmusic4ever.com\\\/?s={search_term_string}\"},\"query-input\":{\"@type\":\"PropertyValueSpecification\",\"valueRequired\":true,\"valueName\":\"search_term_string\"}}],\"inLanguage\":\"en-US\"},{\"@type\":\"Organization\",\"@id\":\"https:\\\/\\\/makingmusic4ever.com\\\/#organization\",\"name\":\"Making Music 4 Ever\",\"url\":\"https:\\\/\\\/makingmusic4ever.com\\\/\",\"logo\":{\"@type\":\"ImageObject\",\"inLanguage\":\"en-US\",\"@id\":\"https:\\\/\\\/makingmusic4ever.com\\\/#\\\/schema\\\/logo\\\/image\\\/\",\"url\":\"https:\\\/\\\/i0.wp.com\\\/makingmusic4ever.com\\\/wp-content\\\/uploads\\\/2019\\\/04\\\/cropped-MakinMusicLogo.aiRed_-2.jpg?fit=248%2C248&ssl=1\",\"contentUrl\":\"https:\\\/\\\/i0.wp.com\\\/makingmusic4ever.com\\\/wp-content\\\/uploads\\\/2019\\\/04\\\/cropped-MakinMusicLogo.aiRed_-2.jpg?fit=248%2C248&ssl=1\",\"width\":248,\"height\":248,\"caption\":\"Making Music 4 Ever\"},\"image\":{\"@id\":\"https:\\\/\\\/makingmusic4ever.com\\\/#\\\/schema\\\/logo\\\/image\\\/\"}},{\"@type\":\"Person\",\"@id\":\"https:\\\/\\\/makingmusic4ever.com\\\/#\\\/schema\\\/person\\\/90746a5c76f42922c409876f713df7e8\",\"name\":\"editor\",\"image\":{\"@type\":\"ImageObject\",\"inLanguage\":\"en-US\",\"@id\":\"https:\\\/\\\/secure.gravatar.com\\\/avatar\\\/40a180061deabb68d04bd9f812bde2b372b5d57984baf7dd947ee866377d90fb?s=96&d=mm&r=g\",\"url\":\"https:\\\/\\\/secure.gravatar.com\\\/avatar\\\/40a180061deabb68d04bd9f812bde2b372b5d57984baf7dd947ee866377d90fb?s=96&d=mm&r=g\",\"contentUrl\":\"https:\\\/\\\/secure.gravatar.com\\\/avatar\\\/40a180061deabb68d04bd9f812bde2b372b5d57984baf7dd947ee866377d90fb?s=96&d=mm&r=g\",\"caption\":\"editor\"},\"url\":\"https:\\\/\\\/makingmusic4ever.com\\\/index.php\\\/author\\\/editor\\\/\"}]}<\/script>\n<!-- \/ Yoast SEO plugin. -->","yoast_head_json":{"title":"Wave by Tom Jobim- Arranged for Mandolin, Guitar, Violin and Cello. - Making Music 4 Ever","robots":{"index":"index","follow":"follow","max-snippet":"max-snippet:-1","max-image-preview":"max-image-preview:large","max-video-preview":"max-video-preview:-1"},"canonical":"https:\/\/makingmusic4ever.com\/index.php\/2023\/11\/14\/wave-by-tom-jobim-arranged-for-mandolin-guitar-violin-and-cello\/","og_locale":"en_US","og_type":"article","og_title":"Wave by Tom Jobim- Arranged for Mandolin, Guitar, Violin and Cello. - Making Music 4 Ever","og_description":"\u201cWave\u201d is a bossa nova and jazz standard song written by Ant\u00f4nio Carlos Jobim and recorded on his 1967 album of the same name. The original version was instrumental, but later on Tom added the lyrics in Portuguese also the song gained an English version for the lyrics. Ant\u00f4nio Carlos Jobim was a Brazilian composer, &hellip; Continue reading Wave by Tom Jobim- Arranged for Mandolin, Guitar, Violin and Cello.","og_url":"https:\/\/makingmusic4ever.com\/index.php\/2023\/11\/14\/wave-by-tom-jobim-arranged-for-mandolin-guitar-violin-and-cello\/","og_site_name":"Making Music 4 Ever","article_published_time":"2023-11-14T21:07:42+00:00","article_modified_time":"2023-11-17T23:26:45+00:00","og_image":[{"width":1280,"height":720,"url":"https:\/\/makingmusic4ever.com\/wp-content\/uploads\/2023\/11\/Wave-ViolinGuitarCello-1.png","type":"image\/png"}],"author":"editor","twitter_card":"summary_large_image","twitter_misc":{"Written by":"editor","Est. reading time":"4 minutes"},"schema":{"@context":"https:\/\/schema.org","@graph":[{"@type":"Article","@id":"https:\/\/makingmusic4ever.com\/index.php\/2023\/11\/14\/wave-by-tom-jobim-arranged-for-mandolin-guitar-violin-and-cello\/#article","isPartOf":{"@id":"https:\/\/makingmusic4ever.com\/index.php\/2023\/11\/14\/wave-by-tom-jobim-arranged-for-mandolin-guitar-violin-and-cello\/"},"author":{"name":"editor","@id":"https:\/\/makingmusic4ever.com\/#\/schema\/person\/90746a5c76f42922c409876f713df7e8"},"headline":"Wave by Tom Jobim- Arranged for Mandolin, Guitar, Violin and Cello.","datePublished":"2023-11-14T21:07:42+00:00","dateModified":"2023-11-17T23:26:45+00:00","mainEntityOfPage":{"@id":"https:\/\/makingmusic4ever.com\/index.php\/2023\/11\/14\/wave-by-tom-jobim-arranged-for-mandolin-guitar-violin-and-cello\/"},"wordCount":807,"commentCount":0,"publisher":{"@id":"https:\/\/makingmusic4ever.com\/#organization"},"image":{"@id":"https:\/\/makingmusic4ever.com\/index.php\/2023\/11\/14\/wave-by-tom-jobim-arranged-for-mandolin-guitar-violin-and-cello\/#primaryimage"},"thumbnailUrl":"https:\/\/i0.wp.com\/makingmusic4ever.com\/wp-content\/uploads\/2023\/11\/Wave-ViolinGuitarCello-1.png?fit=1280%2C720&ssl=1","keywords":["Antonio Carlos Jobim","arrangement","bossa nova","Brazil","cello","chord","classical guitar","Elis Regina","fingerstyle","frank sinatra","guitar","guitar tab","jazz","johnny mathis","mandolim","music","music sheet","score","sheet music","strings","tab","tablature","tom jobim","violin","violin acore"],"articleSection":["arrangement","chords","Guitar arrangement","instrument","Mandolim","music","violin"],"inLanguage":"en-US","potentialAction":[{"@type":"CommentAction","name":"Comment","target":["https:\/\/makingmusic4ever.com\/index.php\/2023\/11\/14\/wave-by-tom-jobim-arranged-for-mandolin-guitar-violin-and-cello\/#respond"]}]},{"@type":"WebPage","@id":"https:\/\/makingmusic4ever.com\/index.php\/2023\/11\/14\/wave-by-tom-jobim-arranged-for-mandolin-guitar-violin-and-cello\/","url":"https:\/\/makingmusic4ever.com\/index.php\/2023\/11\/14\/wave-by-tom-jobim-arranged-for-mandolin-guitar-violin-and-cello\/","name":"Wave by Tom Jobim- Arranged for Mandolin, Guitar, Violin and Cello. - Making Music 4 Ever","isPartOf":{"@id":"https:\/\/makingmusic4ever.com\/#website"},"primaryImageOfPage":{"@id":"https:\/\/makingmusic4ever.com\/index.php\/2023\/11\/14\/wave-by-tom-jobim-arranged-for-mandolin-guitar-violin-and-cello\/#primaryimage"},"image":{"@id":"https:\/\/makingmusic4ever.com\/index.php\/2023\/11\/14\/wave-by-tom-jobim-arranged-for-mandolin-guitar-violin-and-cello\/#primaryimage"},"thumbnailUrl":"https:\/\/i0.wp.com\/makingmusic4ever.com\/wp-content\/uploads\/2023\/11\/Wave-ViolinGuitarCello-1.png?fit=1280%2C720&ssl=1","datePublished":"2023-11-14T21:07:42+00:00","dateModified":"2023-11-17T23:26:45+00:00","breadcrumb":{"@id":"https:\/\/makingmusic4ever.com\/index.php\/2023\/11\/14\/wave-by-tom-jobim-arranged-for-mandolin-guitar-violin-and-cello\/#breadcrumb"},"inLanguage":"en-US","potentialAction":[{"@type":"ReadAction","target":["https:\/\/makingmusic4ever.com\/index.php\/2023\/11\/14\/wave-by-tom-jobim-arranged-for-mandolin-guitar-violin-and-cello\/"]}]},{"@type":"ImageObject","inLanguage":"en-US","@id":"https:\/\/makingmusic4ever.com\/index.php\/2023\/11\/14\/wave-by-tom-jobim-arranged-for-mandolin-guitar-violin-and-cello\/#primaryimage","url":"https:\/\/i0.wp.com\/makingmusic4ever.com\/wp-content\/uploads\/2023\/11\/Wave-ViolinGuitarCello-1.png?fit=1280%2C720&ssl=1","contentUrl":"https:\/\/i0.wp.com\/makingmusic4ever.com\/wp-content\/uploads\/2023\/11\/Wave-ViolinGuitarCello-1.png?fit=1280%2C720&ssl=1","width":1280,"height":720,"caption":"wave by Tom Jobim"},{"@type":"BreadcrumbList","@id":"https:\/\/makingmusic4ever.com\/index.php\/2023\/11\/14\/wave-by-tom-jobim-arranged-for-mandolin-guitar-violin-and-cello\/#breadcrumb","itemListElement":[{"@type":"ListItem","position":1,"name":"Home","item":"https:\/\/makingmusic4ever.com\/"},{"@type":"ListItem","position":2,"name":"Wave by Tom Jobim- Arranged for Mandolin, Guitar, Violin and Cello."}]},{"@type":"WebSite","@id":"https:\/\/makingmusic4ever.com\/#website","url":"https:\/\/makingmusic4ever.com\/","name":"Making Music 4 Ever","description":"Music for everyone","publisher":{"@id":"https:\/\/makingmusic4ever.com\/#organization"},"potentialAction":[{"@type":"SearchAction","target":{"@type":"EntryPoint","urlTemplate":"https:\/\/makingmusic4ever.com\/?s={search_term_string}"},"query-input":{"@type":"PropertyValueSpecification","valueRequired":true,"valueName":"search_term_string"}}],"inLanguage":"en-US"},{"@type":"Organization","@id":"https:\/\/makingmusic4ever.com\/#organization","name":"Making Music 4 Ever","url":"https:\/\/makingmusic4ever.com\/","logo":{"@type":"ImageObject","inLanguage":"en-US","@id":"https:\/\/makingmusic4ever.com\/#\/schema\/logo\/image\/","url":"https:\/\/i0.wp.com\/makingmusic4ever.com\/wp-content\/uploads\/2019\/04\/cropped-MakinMusicLogo.aiRed_-2.jpg?fit=248%2C248&ssl=1","contentUrl":"https:\/\/i0.wp.com\/makingmusic4ever.com\/wp-content\/uploads\/2019\/04\/cropped-MakinMusicLogo.aiRed_-2.jpg?fit=248%2C248&ssl=1","width":248,"height":248,"caption":"Making Music 4 Ever"},"image":{"@id":"https:\/\/makingmusic4ever.com\/#\/schema\/logo\/image\/"}},{"@type":"Person","@id":"https:\/\/makingmusic4ever.com\/#\/schema\/person\/90746a5c76f42922c409876f713df7e8","name":"editor","image":{"@type":"ImageObject","inLanguage":"en-US","@id":"https:\/\/secure.gravatar.com\/avatar\/40a180061deabb68d04bd9f812bde2b372b5d57984baf7dd947ee866377d90fb?s=96&d=mm&r=g","url":"https:\/\/secure.gravatar.com\/avatar\/40a180061deabb68d04bd9f812bde2b372b5d57984baf7dd947ee866377d90fb?s=96&d=mm&r=g","contentUrl":"https:\/\/secure.gravatar.com\/avatar\/40a180061deabb68d04bd9f812bde2b372b5d57984baf7dd947ee866377d90fb?s=96&d=mm&r=g","caption":"editor"},"url":"https:\/\/makingmusic4ever.com\/index.php\/author\/editor\/"}]}},"jetpack_publicize_connections":[],"jetpack_sharing_enabled":true,"jetpack_shortlink":"https:\/\/wp.me\/pamHgp-hX","jetpack-related-posts":[{"id":845,"url":"https:\/\/makingmusic4ever.com\/index.php\/2022\/12\/14\/the-girl-from-ipanema-tom-jobim-guitar-solo-score-and-tab\/","url_meta":{"origin":1113,"position":0},"title":"The Girl from Ipanema (Tom Jobim) Guitar Solo [Score and Tab]","author":"editor","date":"December 14, 2022","format":false,"excerpt":"This song is one of the most popular of Tom Jobim's compositions in partnership to Vinicius de Morais who wrote the lyrics as a poem. Ant\u00f4nio Carlos Jobim is a Brazilian composer, pianist, songwriter, arranger, and singer. As one of the most recorded songs of all time, this instrumental arrangement\u2026","rel":"","context":"In &quot;arrangement&quot;","block_context":{"text":"arrangement","link":"https:\/\/makingmusic4ever.com\/index.php\/category\/arrangement\/"},"img":{"alt_text":"The girl from Ipanema Guitar fingerstyle","src":"https:\/\/i0.wp.com\/makingmusic4ever.com\/wp-content\/uploads\/2022\/12\/resized-TheGirlFromIpanema.jpeg?fit=825%2C510&ssl=1&resize=350%2C200","width":350,"height":200,"srcset":"https:\/\/i0.wp.com\/makingmusic4ever.com\/wp-content\/uploads\/2022\/12\/resized-TheGirlFromIpanema.jpeg?fit=825%2C510&ssl=1&resize=350%2C200 1x, https:\/\/i0.wp.com\/makingmusic4ever.com\/wp-content\/uploads\/2022\/12\/resized-TheGirlFromIpanema.jpeg?fit=825%2C510&ssl=1&resize=525%2C300 1.5x, https:\/\/i0.wp.com\/makingmusic4ever.com\/wp-content\/uploads\/2022\/12\/resized-TheGirlFromIpanema.jpeg?fit=825%2C510&ssl=1&resize=700%2C400 2x"},"classes":[]},{"id":916,"url":"https:\/\/makingmusic4ever.com\/index.php\/2023\/02\/24\/the-girl-from-ipanema-for-piano-solo\/","url_meta":{"origin":1113,"position":1},"title":"The Girl from Ipanema for Piano Solo","author":"editor","date":"February 24, 2023","format":false,"excerpt":"The Girl from Ipanema\u00a0 is one of the most famous and iconic songs of Brazilian music. Written by Ant\u00f4ni Carlos Jobim and Vin\u00edcius de Moraes in 1962, the song tells the story of a girl who walks down Vin\u00edcius de Moraes street in Ipanema, Rio de Janeiro, and catches the\u2026","rel":"","context":"In &quot;arrangement&quot;","block_context":{"text":"arrangement","link":"https:\/\/makingmusic4ever.com\/index.php\/category\/arrangement\/"},"img":{"alt_text":"Piano arrangement","src":"https:\/\/i0.wp.com\/makingmusic4ever.com\/wp-content\/uploads\/2023\/02\/resized.TheGirlFromIpanema.jpeg?fit=1200%2C675&ssl=1&resize=350%2C200","width":350,"height":200,"srcset":"https:\/\/i0.wp.com\/makingmusic4ever.com\/wp-content\/uploads\/2023\/02\/resized.TheGirlFromIpanema.jpeg?fit=1200%2C675&ssl=1&resize=350%2C200 1x, https:\/\/i0.wp.com\/makingmusic4ever.com\/wp-content\/uploads\/2023\/02\/resized.TheGirlFromIpanema.jpeg?fit=1200%2C675&ssl=1&resize=525%2C300 1.5x, https:\/\/i0.wp.com\/makingmusic4ever.com\/wp-content\/uploads\/2023\/02\/resized.TheGirlFromIpanema.jpeg?fit=1200%2C675&ssl=1&resize=700%2C400 2x, https:\/\/i0.wp.com\/makingmusic4ever.com\/wp-content\/uploads\/2023\/02\/resized.TheGirlFromIpanema.jpeg?fit=1200%2C675&ssl=1&resize=1050%2C600 3x"},"classes":[]},{"id":1294,"url":"https:\/\/makingmusic4ever.com\/index.php\/2025\/02\/22\/paint-the-night-with-samba-the-vibrant-tale-of-aquarela-do-brasil\/","url_meta":{"origin":1113,"position":2},"title":"Paint the Night with Samba: The Vibrant Tale of Aquarela do Brasil","author":"editor","date":"February 22, 2025","format":false,"excerpt":"Let\u2019s dive into the vibrant world of Aquarela do Brasil, a song that\u2019s practically a love letter to Brazil, written by the brilliant Ary Barroso. This masterpiece has danced its way into hearts around the globe, and today, we\u2019re going to chat about the man behind the music, the song\u2026","rel":"","context":"In &quot;arrangement&quot;","block_context":{"text":"arrangement","link":"https:\/\/makingmusic4ever.com\/index.php\/category\/arrangement\/"},"img":{"alt_text":"playing guitar at the beach with woman dancing","src":"https:\/\/i0.wp.com\/makingmusic4ever.com\/wp-content\/uploads\/2025\/02\/Guitar-samba-beach.jpg?fit=1200%2C686&ssl=1&resize=350%2C200","width":350,"height":200,"srcset":"https:\/\/i0.wp.com\/makingmusic4ever.com\/wp-content\/uploads\/2025\/02\/Guitar-samba-beach.jpg?fit=1200%2C686&ssl=1&resize=350%2C200 1x, https:\/\/i0.wp.com\/makingmusic4ever.com\/wp-content\/uploads\/2025\/02\/Guitar-samba-beach.jpg?fit=1200%2C686&ssl=1&resize=525%2C300 1.5x, https:\/\/i0.wp.com\/makingmusic4ever.com\/wp-content\/uploads\/2025\/02\/Guitar-samba-beach.jpg?fit=1200%2C686&ssl=1&resize=700%2C400 2x, https:\/\/i0.wp.com\/makingmusic4ever.com\/wp-content\/uploads\/2025\/02\/Guitar-samba-beach.jpg?fit=1200%2C686&ssl=1&resize=1050%2C600 3x"},"classes":[]},{"id":1301,"url":"https:\/\/makingmusic4ever.com\/index.php\/2025\/03\/04\/echoes-of-riothe-journey-of-odeon\/","url_meta":{"origin":1113,"position":3},"title":"Echoes of Rio:The Journey of &#8216;Odeon","author":"editor","date":"March 4, 2025","format":false,"excerpt":"Imagine walking through the streets of Rio de Janeiro in the early 20th century. The sound of a piano echoes in the distance, blending with the chatter of people, the rhythm of horse-drawn carriages, and the humid heat of the Carioca summer. Suddenly, a captivating melody catches your attention: it\u2019s\u2026","rel":"","context":"In &quot;composition&quot;","block_context":{"text":"composition","link":"https:\/\/makingmusic4ever.com\/index.php\/category\/composition\/"},"img":{"alt_text":"Odeon song history","src":"https:\/\/i0.wp.com\/makingmusic4ever.com\/wp-content\/uploads\/2025\/03\/odeon-hisptory-Rio.png?fit=1200%2C675&ssl=1&resize=350%2C200","width":350,"height":200,"srcset":"https:\/\/i0.wp.com\/makingmusic4ever.com\/wp-content\/uploads\/2025\/03\/odeon-hisptory-Rio.png?fit=1200%2C675&ssl=1&resize=350%2C200 1x, https:\/\/i0.wp.com\/makingmusic4ever.com\/wp-content\/uploads\/2025\/03\/odeon-hisptory-Rio.png?fit=1200%2C675&ssl=1&resize=525%2C300 1.5x, https:\/\/i0.wp.com\/makingmusic4ever.com\/wp-content\/uploads\/2025\/03\/odeon-hisptory-Rio.png?fit=1200%2C675&ssl=1&resize=700%2C400 2x, https:\/\/i0.wp.com\/makingmusic4ever.com\/wp-content\/uploads\/2025\/03\/odeon-hisptory-Rio.png?fit=1200%2C675&ssl=1&resize=1050%2C600 3x"},"classes":[]},{"id":1142,"url":"https:\/\/makingmusic4ever.com\/index.php\/2024\/01\/25\/fur-elise-by-beethoven-for-guitar-mandolin-and-violin-song-history-and-arragements\/","url_meta":{"origin":1113,"position":4},"title":"F\u00fcr Elise by Beethoven for Guitar, Mandolin and Violin: Song history and Arragements.","author":"editor","date":"January 25, 2024","format":false,"excerpt":"Ludwig van Beethoven, one of the greatest composers in history, composed this small work, around 1809 or 1810, supposedly in honor of a lady he proposed to, named Therese Malfatti, niece of Dr. Giovanni Malfatti, an Italian doctor who settled in Vienna in 1795. Dr. Giovanni used to assist the\u2026","rel":"","context":"In &quot;arrangement&quot;","block_context":{"text":"arrangement","link":"https:\/\/makingmusic4ever.com\/index.php\/category\/arrangement\/"},"img":{"alt_text":"Fur Elise for vIolin, guitar and mandolin","src":"https:\/\/i0.wp.com\/makingmusic4ever.com\/wp-content\/uploads\/2024\/01\/Fur-Elise-PostMakingMusic2.png?fit=1200%2C620&ssl=1&resize=350%2C200","width":350,"height":200,"srcset":"https:\/\/i0.wp.com\/makingmusic4ever.com\/wp-content\/uploads\/2024\/01\/Fur-Elise-PostMakingMusic2.png?fit=1200%2C620&ssl=1&resize=350%2C200 1x, https:\/\/i0.wp.com\/makingmusic4ever.com\/wp-content\/uploads\/2024\/01\/Fur-Elise-PostMakingMusic2.png?fit=1200%2C620&ssl=1&resize=525%2C300 1.5x, https:\/\/i0.wp.com\/makingmusic4ever.com\/wp-content\/uploads\/2024\/01\/Fur-Elise-PostMakingMusic2.png?fit=1200%2C620&ssl=1&resize=700%2C400 2x, https:\/\/i0.wp.com\/makingmusic4ever.com\/wp-content\/uploads\/2024\/01\/Fur-Elise-PostMakingMusic2.png?fit=1200%2C620&ssl=1&resize=1050%2C600 3x"},"classes":[]},{"id":1133,"url":"https:\/\/makingmusic4ever.com\/index.php\/2023\/12\/18\/its-christmas-time-and-i-have-some-gifts-for-you\/","url_meta":{"origin":1113,"position":5},"title":"It&#8217;s Christmas Time and I have some gifts for You!","author":"editor","date":"December 18, 2023","format":false,"excerpt":"I love Christmas time! It's time for joy, family reunion, and also time to remember God's love for humankind. It is also time to look back to celebrate the achievements or to correct route for the plans that did not work. This is a good time to reflect at the\u2026","rel":"","context":"In &quot;arrangement&quot;","block_context":{"text":"arrangement","link":"https:\/\/makingmusic4ever.com\/index.php\/category\/arrangement\/"},"img":{"alt_text":"Happy Christmas","src":"https:\/\/i0.wp.com\/makingmusic4ever.com\/wp-content\/uploads\/2023\/12\/Happy-ChristMas.png?fit=1200%2C675&ssl=1&resize=350%2C200","width":350,"height":200,"srcset":"https:\/\/i0.wp.com\/makingmusic4ever.com\/wp-content\/uploads\/2023\/12\/Happy-ChristMas.png?fit=1200%2C675&ssl=1&resize=350%2C200 1x, https:\/\/i0.wp.com\/makingmusic4ever.com\/wp-content\/uploads\/2023\/12\/Happy-ChristMas.png?fit=1200%2C675&ssl=1&resize=525%2C300 1.5x, https:\/\/i0.wp.com\/makingmusic4ever.com\/wp-content\/uploads\/2023\/12\/Happy-ChristMas.png?fit=1200%2C675&ssl=1&resize=700%2C400 2x, https:\/\/i0.wp.com\/makingmusic4ever.com\/wp-content\/uploads\/2023\/12\/Happy-ChristMas.png?fit=1200%2C675&ssl=1&resize=1050%2C600 3x"},"classes":[]}],"jetpack_featured_media_url":"https:\/\/i0.wp.com\/makingmusic4ever.com\/wp-content\/uploads\/2023\/11\/Wave-ViolinGuitarCello-1.png?fit=1280%2C720&ssl=1","_links":{"self":[{"href":"https:\/\/makingmusic4ever.com\/index.php\/wp-json\/wp\/v2\/posts\/1113","targetHints":{"allow":["GET"]}}],"collection":[{"href":"https:\/\/makingmusic4ever.com\/index.php\/wp-json\/wp\/v2\/posts"}],"about":[{"href":"https:\/\/makingmusic4ever.com\/index.php\/wp-json\/wp\/v2\/types\/post"}],"author":[{"embeddable":true,"href":"https:\/\/makingmusic4ever.com\/index.php\/wp-json\/wp\/v2\/users\/1"}],"replies":[{"embeddable":true,"href":"https:\/\/makingmusic4ever.com\/index.php\/wp-json\/wp\/v2\/comments?post=1113"}],"version-history":[{"count":11,"href":"https:\/\/makingmusic4ever.com\/index.php\/wp-json\/wp\/v2\/posts\/1113\/revisions"}],"predecessor-version":[{"id":1129,"href":"https:\/\/makingmusic4ever.com\/index.php\/wp-json\/wp\/v2\/posts\/1113\/revisions\/1129"}],"wp:featuredmedia":[{"embeddable":true,"href":"https:\/\/makingmusic4ever.com\/index.php\/wp-json\/wp\/v2\/media\/1125"}],"wp:attachment":[{"href":"https:\/\/makingmusic4ever.com\/index.php\/wp-json\/wp\/v2\/media?parent=1113"}],"wp:term":[{"taxonomy":"category","embeddable":true,"href":"https:\/\/makingmusic4ever.com\/index.php\/wp-json\/wp\/v2\/categories?post=1113"},{"taxonomy":"post_tag","embeddable":true,"href":"https:\/\/makingmusic4ever.com\/index.php\/wp-json\/wp\/v2\/tags?post=1113"}],"curies":[{"name":"wp","href":"https:\/\/api.w.org\/{rel}","templated":true}]}}